{"id":183,"date":"2021-07-07T10:19:26","date_gmt":"2021-07-07T08:19:26","guid":{"rendered":"http:\/\/www.labouledeproce.com\/?p=183"},"modified":"2024-02-19T12:00:55","modified_gmt":"2024-02-19T11:00:55","slug":"message-de-lequipe-abalone-marathon-de-nantes","status":"publish","type":"post","link":"https:\/\/www.labouledeproce.com\/index.php\/2021\/07\/07\/message-de-lequipe-abalone-marathon-de-nantes\/","title":{"rendered":"Message de l&rsquo;\u00e9quipe Abalone Marathon de Nantes"},"content":{"rendered":"\n<figure class=\"wp-block-image size-large is-resized\"><img loading=\"lazy\" decoding=\"async\" src=\"https:\/\/www.labouledeproce.com\/wp-content\/uploads\/2021\/07\/marathon.png\" alt=\"\" class=\"wp-image-187\" width=\"620\" height=\"293\" srcset=\"https:\/\/www.labouledeproce.com\/wp-content\/uploads\/2021\/07\/marathon.png 968w, https:\/\/www.labouledeproce.com\/wp-content\/uploads\/2021\/07\/marathon-300x142.png 300w, https:\/\/www.labouledeproce.com\/wp-content\/uploads\/2021\/07\/marathon-768x363.png 768w\" sizes=\"auto, (max-width: 620px) 100vw, 620px\" \/><\/figure>\n\n\n\n<p>Bonjour,<\/p>\n\n\n\n<p>Nous voil\u00e0 enfin dans une nouvelle phase de d\u00e9confinement, qui va nous permettre de retrouver le chemin de nos activit\u00e9s associatives et sportives !\u00a0 Nous esp\u00e9rons que le rythme de vos associations revient pour vous tous \u00e0 la \u00ab\u00a0normale\u00a0\u00bb et que les semaines \u00e0 venir nous portent vers une am\u00e9lioration p\u00e9renne du contexte sanitaire&#8230;<br><br>De notre c\u00f4t\u00e9, nous restons plus que jamais mobilis\u00e9s pour organiser avec vous ce week-end exceptionnel des 13 et 14 novembre pour le Semi-Marathon et les Foul\u00e9es de l&rsquo;\u00e9l\u00e9phant.\u00a0 Pour information, nous lancerons les inscriptions aupr\u00e8s des coureurs seulement au mois de septembre, afin de tenir compte des protocoles sanitaires qui seront en vigueur \u00e0 ce moment-l\u00e0.<br><br>Concernant les b\u00e9n\u00e9voles, la pause estivale nous impose de lancer les inscriptions \u00e0 partir de la rentr\u00e9e \u00e9galement.\u00a0\u00a0 Par cons\u00e9quent, nous vous proposons le planning suivant :<br><\/p>\n\n\n\n<ul class=\"wp-block-list\"><li>fin ao\u00fbt : communication des informations g\u00e9n\u00e9rales de cette \u00e9dition de novembre 2021<\/li><li>tout d\u00e9but septembre :&nbsp; r\u00e9union avec les responsables d&rsquo;associations pour faire le point sur les pr\u00e9visionnels en nombre de b\u00e9n\u00e9voles pour novembre.&nbsp; Nous vous indiquons qu&rsquo;exceptionnellement, nos besoins seront identiques sur les postes sur le Parcours (signaleurs et s\u00e9curit\u00e9) mais moindres sur les autres missions (il n&rsquo;y aura pas de Village et moins de postes de ravitaillement le dimanche).<\/li><li>10 septembre : communication officielle aupr\u00e8s des b\u00e9n\u00e9voles avec d\u00e9but des inscriptions<\/li><li>15 octobre : cl\u00f4ture des inscriptions b\u00e9n\u00e9voles<\/li><\/ul>\n\n\n\n<p><strong>Nous comptons sur vous pour participer \u00e0 ce week-end exceptionnel des 13 et 14 novembre&#8230;&nbsp; <\/strong>N&rsquo;h\u00e9sitez pas \u00e0 nous contacter si vous avez besoin d&rsquo;informations au pr\u00e9alable pour les transmettre \u00e0 vos adh\u00e9rents avant l&rsquo;\u00e9t\u00e9 !<br><br>Nous n&rsquo;avons qu&rsquo;une h\u00e2te, pouvoir vous retrouver et partager ces temps forts autour du sport !&nbsp; D&rsquo;ici l\u00e0, nous vous souhaitons un tr\u00e8s bel \u00e9t\u00e9 et de bons moments de convivialit\u00e9 !<br><br>A bient\u00f4t,<br><br>Bien cordialement.<br>Val\u00e9rie et Jacques,<br>ainsi que toute l&rsquo;\u00e9quipe organisatrice de l&rsquo;Abalone Marathon de Nantes<\/p>\n","protected":false},"excerpt":{"rendered":"<p>Bonjour, Nous voil\u00e0 enfin dans une nouvelle phase de d\u00e9confinement, qui va nous permettre de retrouver le chemin de nos activit\u00e9s associatives et sportives !\u00a0 Nous esp\u00e9rons que le rythme de vos associations revient pour vous tous \u00e0 la \u00ab\u00a0normale\u00a0\u00bb et que les semaines \u00e0 venir nous portent vers une am\u00e9lioration p\u00e9renne du contexte sanitaire&#8230; &hellip; <\/p>\n<p class=\"link-more\"><a href=\"https:\/\/www.labouledeproce.com\/index.php\/2021\/07\/07\/message-de-lequipe-abalone-marathon-de-nantes\/\" class=\"more-link\">Continuer la lecture<span class=\"screen-reader-text\"> de &laquo;&nbsp;Message de l&rsquo;\u00e9quipe Abalone Marathon de Nantes&nbsp;&raquo;<\/span><\/a><\/p>\n","protected":false},"author":1,"featured_media":0,"comment_status":"open","ping_status":"open","sticky":false,"template":"","format":"standard","meta":{"footnotes":""},"categories":[13],"tags":[],"class_list":["post-183","post","type-post","status-publish","format-standard","hentry","category-evenement"],"_links":{"self":[{"href":"https:\/\/www.labouledeproce.com\/index.php\/wp-json\/wp\/v2\/posts\/183","targetHints":{"allow":["GET"]}}],"collection":[{"href":"https:\/\/www.labouledeproce.com\/index.php\/wp-json\/wp\/v2\/posts"}],"about":[{"href":"https:\/\/www.labouledeproce.com\/index.php\/wp-json\/wp\/v2\/types\/post"}],"author":[{"embeddable":true,"href":"https:\/\/www.labouledeproce.com\/index.php\/wp-json\/wp\/v2\/users\/1"}],"replies":[{"embeddable":true,"href":"https:\/\/www.labouledeproce.com\/index.php\/wp-json\/wp\/v2\/comments?post=183"}],"version-history":[{"count":3,"href":"https:\/\/www.labouledeproce.com\/index.php\/wp-json\/wp\/v2\/posts\/183\/revisions"}],"predecessor-version":[{"id":190,"href":"https:\/\/www.labouledeproce.com\/index.php\/wp-json\/wp\/v2\/posts\/183\/revisions\/190"}],"wp:attachment":[{"href":"https:\/\/www.labouledeproce.com\/index.php\/wp-json\/wp\/v2\/media?parent=183"}],"wp:term":[{"taxonomy":"category","embeddable":true,"href":"https:\/\/www.labouledeproce.com\/index.php\/wp-json\/wp\/v2\/categories?post=183"},{"taxonomy":"post_tag","embeddable":true,"href":"https:\/\/www.labouledeproce.com\/index.php\/wp-json\/wp\/v2\/tags?post=183"}],"curies":[{"name":"wp","href":"https:\/\/api.w.org\/{rel}","templated":true}]}}